{"id":2292,"date":"2021-05-04T08:29:45","date_gmt":"2021-05-04T06:29:45","guid":{"rendered":"https:\/\/www.markt-schirnding.de\/?p=2292"},"modified":"2021-07-11T17:23:19","modified_gmt":"2021-07-11T17:23:19","slug":"bestens-aufgestellt-fuer-unser-klima","status":"publish","type":"post","link":"https:\/\/markt-schirnding.de\/index.php\/2021\/05\/04\/bestens-aufgestellt-fuer-unser-klima\/","title":{"rendered":"Bestens aufgestellt f\u00fcr unser Klima"},"content":{"rendered":"<div class=\"entry-content\">\n<p style=\"text-align: justify;\"><strong>Verbundprojekt Nationale Klimaschutzinitiative NKI &#8211; <\/strong><strong>Fahrradinfrastrukturelle Erschlies-sung des Talraums der Eger im Bereich des inneren Fichtelgebirges (Ma\u00dfnahme Schirnding)<br \/>\n<\/strong>Der Markt Schirnding sorgt k\u00fcnftig im Raum Schirnding f\u00fcr mehr klimafreundlichen Radverkehr. Bis 2023 werden rund 466.700 Euro in die Verbesserung der Radverkehrssituation investiert. Der Bau zus\u00e4tzlicher Radwegeverbindungen soll das Radfahren in Zukunft noch attraktiver machen und die Lebensqualit\u00e4t in Schirnding und Umgebung nachhaltig anheben.<\/p>\n<p><a href=\"https:\/\/markt-schirnding.de\/index.php\/bestens-aufgestellt-fuer-unser-klima\/\">Weiterlesen <span class=\"meta-nav\">\u2192<\/span><\/a><\/p>\n<\/div>\n","protected":false},"excerpt":{"rendered":"<p>Verbundprojekt Nationale Klimaschutzinitiative NKI &#8211; Fahrradinfrastrukturelle Erschlies-sung des Talraums der Eger im Bereich des inneren Fichtelgebirges (Ma\u00dfnahme Schirnding) Der Markt Schirnding sorgt k\u00fcnftig im Raum Schirnding f\u00fcr mehr klimafreundlichen Radverkehr. Bis 2023 werden rund 466.700 Euro in die Verbesserung der Radverkehrssituation investiert. Der Bau zus\u00e4tzlicher Radwegeverbindungen soll das Radfahren in Zukunft noch attraktiver machen und [&hellip;]<\/p>\n","protected":false},"author":1,"featured_media":0,"comment_status":"closed","ping_status":"closed","sticky":false,"template":"","format":"standard","meta":{"footnotes":"","_links_to":"","_links_to_target":""},"categories":[2],"tags":[],"class_list":["post-2292","post","type-post","status-publish","format-standard","hentry","category-allgemein"],"_links":{"self":[{"href":"https:\/\/markt-schirnding.de\/index.php\/wp-json\/wp\/v2\/posts\/2292","targetHints":{"allow":["GET"]}}],"collection":[{"href":"https:\/\/markt-schirnding.de\/index.php\/wp-json\/wp\/v2\/posts"}],"about":[{"href":"https:\/\/markt-schirnding.de\/index.php\/wp-json\/wp\/v2\/types\/post"}],"author":[{"embeddable":true,"href":"https:\/\/markt-schirnding.de\/index.php\/wp-json\/wp\/v2\/users\/1"}],"replies":[{"embeddable":true,"href":"https:\/\/markt-schirnding.de\/index.php\/wp-json\/wp\/v2\/comments?post=2292"}],"version-history":[{"count":1,"href":"https:\/\/markt-schirnding.de\/index.php\/wp-json\/wp\/v2\/posts\/2292\/revisions"}],"predecessor-version":[{"id":2340,"href":"https:\/\/markt-schirnding.de\/index.php\/wp-json\/wp\/v2\/posts\/2292\/revisions\/2340"}],"wp:attachment":[{"href":"https:\/\/markt-schirnding.de\/index.php\/wp-json\/wp\/v2\/media?parent=2292"}],"wp:term":[{"taxonomy":"category","embeddable":true,"href":"https:\/\/markt-schirnding.de\/index.php\/wp-json\/wp\/v2\/categories?post=2292"},{"taxonomy":"post_tag","embeddable":true,"href":"https:\/\/markt-schirnding.de\/index.php\/wp-json\/wp\/v2\/tags?post=2292"}],"curies":[{"name":"wp","href":"https:\/\/api.w.org\/{rel}","templated":true}]}}